{"id":1823,"date":"2023-08-11T12:27:27","date_gmt":"2023-08-11T12:27:27","guid":{"rendered":"https:\/\/politicapatagonica.com\/?p=1823"},"modified":"2023-08-11T15:00:31","modified_gmt":"2023-08-11T15:00:31","slug":"segunda-jornada-participativa-del-plan-provincial-de-respuesta-al-cambio-climatico","status":"publish","type":"post","link":"https:\/\/politicapatagonica.com\/index.php\/2023\/08\/11\/segunda-jornada-participativa-del-plan-provincial-de-respuesta-al-cambio-climatico\/","title":{"rendered":"En La Pampa se desarrolla el Plan Provincial de Respuesta al Cambio Clim\u00e1tico"},"content":{"rendered":"\n<p>M\u00e1s de 80 personas se sumaron a la iniciativa del <strong>Plan Provincial de Respuesta al Cambio Clim\u00e1tico<\/strong>.\u00a0En esta segunda jornada, los participantes se organizaron en mesas de trabajo enfocadas en distintos sectores clave para La Pampa:<\/p>\n\n\n\n<p>&#8211; <strong>Energ\u00eda y Transporte<\/strong>: Impulsando energ\u00edas limpias y movilidad sostenible.<\/p>\n\n\n\n<p>&#8211; <strong>Ecosistemas y Recursos Naturales<\/strong>: Conservando nuestra rica biodiversidad y protegiendo los ecosistemas.<\/p>\n\n\n\n<p>&#8211; <strong>Salud y Saneamiento<\/strong>: Prepar\u00e1ndonos para los impactos en la salud p\u00fablica y mejorando la gesti\u00f3n del agua.<\/p>\n\n\n\n<p>&#8211; <strong>Desarrollo Territorial, Comercio e Infraestructura<\/strong>: Promoviendo un desarrollo equilibrado y respetuoso con el entorno.<\/p>\n\n\n\n<p>&#8211; <strong>Producci\u00f3n e Industria<\/strong>: Fomentando pr\u00e1cticas sostenibles en el sector productivo.<\/p>\n\n\n\n<p>&#8211; <strong>Bienestar e Inclusi\u00f3n Social<\/strong>: Garantizando un enfoque inclusivo y justo en las pol\u00edticas de adaptaci\u00f3n.<\/p>\n\n\n\n<p>&#8211; <strong>Turismo y Cultura<\/strong>: Protegiendo nuestros atractivos naturales y culturales.<\/p>\n\n\n\n<p>&#8211; <strong>Comunicaci\u00f3n y Conectividad<\/strong>: Fortaleciendo la conciencia y la colaboraci\u00f3n entre todos los actores.<\/p>\n\n\n\n<p>&#8220;Estas mesas de trabajo permitieron abordar tanto medidas de mitigaci\u00f3n, considerando el patr\u00f3n provincial de emisiones, como acciones de adaptaci\u00f3n para fortalecer la resiliencia de cada sector frente al cambio clim\u00e1tico teniendo como base la identificaci\u00f3n de vulnerabilidades asociadas a las amenazas clim\u00e1ticas en el territorio, a partir de la participaci\u00f3n activa de representantes de cada localidad de La Pampa el d\u00eda 8 de agosto&#8221;, destacaron desde la organizaci\u00f3n.<\/p>\n\n\n\n<p><strong>Fuente: www.eldiariodelapampa.com.ar<\/strong><\/p>\n","protected":false},"excerpt":{"rendered":"<p>M\u00e1s de 80 personas se sumaron a la iniciativa del Plan Provincial de Respuesta al Cambio Clim\u00e1tico.\u00a0En esta segunda jornada, los participantes se organizaron en mesas de trabajo enfocadas en distintos sectores clave para La Pampa: &#8211; Energ\u00eda y Transporte: Impulsando energ\u00edas limpias y movilidad sostenible. &#8211; Ecosistemas y Recursos Naturales: Conservando nuestra rica biodiversidad [&hellip;]<\/p>\n","protected":false},"author":5,"featured_media":1824,"comment_status":"open","ping_status":"open","sticky":false,"template":"","format":"standard","meta":[],"categories":[10],"tags":[],"_links":{"self":[{"href":"https:\/\/politicapatagonica.com\/index.php\/wp-json\/wp\/v2\/posts\/1823"}],"collection":[{"href":"https:\/\/politicapatagonica.com\/index.php\/wp-json\/wp\/v2\/posts"}],"about":[{"href":"https:\/\/politicapatagonica.com\/index.php\/wp-json\/wp\/v2\/types\/post"}],"author":[{"embeddable":true,"href":"https:\/\/politicapatagonica.com\/index.php\/wp-json\/wp\/v2\/users\/5"}],"replies":[{"embeddable":true,"href":"https:\/\/politicapatagonica.com\/index.php\/wp-json\/wp\/v2\/comments?post=1823"}],"version-history":[{"count":3,"href":"https:\/\/politicapatagonica.com\/index.php\/wp-json\/wp\/v2\/posts\/1823\/revisions"}],"predecessor-version":[{"id":1829,"href":"https:\/\/politicapatagonica.com\/index.php\/wp-json\/wp\/v2\/posts\/1823\/revisions\/1829"}],"wp:featuredmedia":[{"embeddable":true,"href":"https:\/\/politicapatagonica.com\/index.php\/wp-json\/wp\/v2\/media\/1824"}],"wp:attachment":[{"href":"https:\/\/politicapatagonica.com\/index.php\/wp-json\/wp\/v2\/media?parent=1823"}],"wp:term":[{"taxonomy":"category","embeddable":true,"href":"https:\/\/politicapatagonica.com\/index.php\/wp-json\/wp\/v2\/categories?post=1823"},{"taxonomy":"post_tag","embeddable":true,"href":"https:\/\/politicapatagonica.com\/index.php\/wp-json\/wp\/v2\/tags?post=1823"}],"curies":[{"name":"wp","href":"https:\/\/api.w.org\/{rel}","templated":true}]}}