{"id":1808,"date":"2023-08-09T13:18:44","date_gmt":"2023-08-09T13:18:44","guid":{"rendered":"https:\/\/politicapatagonica.com\/?p=1808"},"modified":"2023-08-09T14:39:25","modified_gmt":"2023-08-09T14:39:25","slug":"firmaron-el-inicio-de-las-obras-para-el-barrio-oeste-de-general-acha","status":"publish","type":"post","link":"https:\/\/politicapatagonica.com\/index.php\/2023\/08\/09\/firmaron-el-inicio-de-las-obras-para-el-barrio-oeste-de-general-acha\/","title":{"rendered":"Inician obras de infraestructura vial e hidr\u00e1ulica en General Acha, donde se producen inundaciones"},"content":{"rendered":"\n<p><strong>Se firm\u00f3 el contrato para iniciar infraestructura vial e hidr\u00e1ulica en el barrio Oeste de General Acha, donde hist\u00f3ricamente se producen inundaciones ante lluvias intensas.\u00a0<\/strong><\/p>\n\n\n\n<p>La obra demandar\u00e1 una inversi\u00f3n superior a los $2147 millones y, seg\u00fan afirm\u00f3 el gobernador <strong>Sergio Ziliotto<\/strong> forma parte de una &#8220;reparaci\u00f3n hist\u00f3rica&#8221; para las y los vecinos de esa localidad. El intendente <strong>Abel Sabarots<\/strong> expres\u00f3 su agradecimiento al gobernador y reconoci\u00f3 que el Gobierno provincial <strong>&#8220;gestiona mirando la gente y no los colores pol\u00edticos&#8221;,<\/strong> indic\u00f3 un comunicado de prensa oficial.\u00a0\u00a0<\/p>\n\n\n\n<p>La firma del contrato tuvo lugar en el edificio de Centro Hist\u00f3rico Cultural &#8220;Ex Sociedad Espa\u00f1ola&#8221; y fue encabezado por el gobernador, Sergio Ziliotto, junto al Intendente Abel Sabrots, el ministro de Obras P\u00fablicas, Julio Rojo; el titular de Asuntos Municipales, Rogelio Schanton, y el presidente del IPAV, Jorge Lezcano entre otras autoridades; en tanto que por la firma Ribeiro SRL firm\u00f3, Pablo Ribeiro, uno de sus titulares.<\/p>\n\n\n\n<p><strong>Los trabajos se realizar\u00e1n con recursos nacionales del Programa de Mejoramiento Barrial \u2013PROMEBA-, insumir\u00e1n una inversi\u00f3n a valores actuales de $2.147.200.380 millones y tiene un plazo de ejecuci\u00f3n de 365 d\u00edas corridos.<\/strong><\/p>\n\n\n\n<p><strong>El gobernador Sergio Ziliotto asegur\u00f3 que la obra es una &#8220;reparaci\u00f3n hist\u00f3rica&#8221; para General Acha, ya que &#8220;resuelve problemas que tiene la ciudad desde hace a\u00f1os&#8221; cuando ocurren lluvias extraordinarias.<\/strong><\/p>\n\n\n\n<p>&#8220;Es un orgullo poder estar nuevamente aqu\u00ed y, una vez m\u00e1s, venir a saldar una deuda. Terminamos un proceso, en el cual nos fijamos un objetivo cuando vine a pedirle el voto en 2019, de que era necesaria la obra para General Acha y que la Provincia estuviera a la altura de las circunstancias para que la ciudad acceda a obras que signifiquen mejorar la calidad de vida&#8221;, destac\u00f3 Ziliotto.<\/p>\n\n\n\n<p>Explic\u00f3 que &#8220;<strong>tuvimos que hacer dos procesos licitatorios. Como siempre, cuando nosotros administramos recursos p\u00fablicos tenemos que tener el mayor control posible, la mejor administraci\u00f3n de los fondos p\u00fablicos, porque son recursos de los pampeanos, de los achenses, de los argentinos<\/strong>&#8220;.<\/p>\n\n\n\n<p>El gobernador tambi\u00e9n mencion\u00f3 el trabajo que hicieron el presidente del IPAV, Jorge Lezcano y la gerente Romina Montes de Oca, luego de que la licitaci\u00f3n se cayera en dos oportunidades. &#8220;Nunca bajaron los brazos&#8221;, dijo.<\/p>\n\n\n\n<p>&#8220;Vale la pena lo que se sembr\u00f3 y se empieza a cosechar. La obra tiene un pazo de 365 d\u00edas y dentro de poco m\u00e1s de un a\u00f1o, esteramos nuevamente ac\u00e1 recorriendo y viendo que ya terminaron esos problemas&#8221;, coment\u00f3.<\/p>\n\n\n\n<p><strong>Obras en todo el territorio<\/strong><\/p>\n\n\n\n<p>&#8220;Es un gusto estar en General Acha y como siempre decimos, estamos para acompa\u00f1ar a todos los pampeanos vivan donde vivan y m\u00e1s all\u00e1 del signo pol\u00edtico. De la misma forma vamos a seguir trabajando, dando a las y los achenses lo mismo que le damos a los habitantes de todas las localidades. Son 80 localidades y como m\u00ednimo ha habido una obra p\u00fablica en cada una en estos cuatro a\u00f1os&#8221;.<\/p>\n\n\n\n<p><strong>&#8220;Hemos tenido un fuerte apoyo del Gobierno nacional. Esta realidad de inversi\u00f3n p\u00fablica en La Pampa no hubiera sido posible sin un gobierno con una agenda federal, que marca un esquema de inclusi\u00f3n e igualdad de oportunidades&#8221;, destac\u00f3.<\/strong><\/p>\n\n\n\n<p>Para finalizar, Ziliotto hizo referencia al proyecto que remiti\u00f3 a la Legislatura para modificar la ley de coparticipaci\u00f3n. &#8220;Seguimos profundizando esa descentralizaci\u00f3n y que cada localidad tenga lo que se merece. <strong>La C\u00e1mara de Diputados empieza a debatir una ley hist\u00f3rica donde va a haber m\u00e1s recursos autom\u00e1ticos para cada localidad porque sabemos que estamos de paso y estamos administrando recursos y tenemos la obligaci\u00f3n de hacerlo de la mejor manera, de la forma m\u00e1s equitativa <\/strong>para que haya desarrollo arm\u00f3nico en cada rinc\u00f3n de La Pampa. En ese camino nos van a encontrar en los pr\u00f3ximos cuatro a\u00f1os y seguramente tendremos el acompa\u00f1amiento de Abel en General Acha&#8221;, cerr\u00f3.<\/p>\n\n\n\n<p>El intendente Sabarots, en su discurso, agradeci\u00f3 a Ziliotto &#8220;porque es el gobernador que m\u00e1s vino a General Acha en los \u00faltimos 20 a\u00f1os. Es la quinta vista&#8221;. Y lo destac\u00f3 por &#8220;gestionar sin importar los colores pol\u00edticos&#8221;.<\/p>\n\n\n\n<p>&#8220;Nos llena de profunda satisfacci\u00f3n que el camino que empezamos a recorrer el 3 de enero de 2020 hoy se empieza a cristalizar y concretar con la obra m\u00e1s importante de las \u00faltimas d\u00e9cadas para <strong>General Acha<\/strong>, que viene a resolver uno de los problemas estructurales m\u00e1s complejos para la ciudad&#8221;.<\/p>\n\n\n\n<p>Dijo que con la obra &#8220;empezamos a resolver el problema m\u00e1s importante de la ciudad que va a beneficiar a todo el sector oeste y sur oeste. No responde a una cuesti\u00f3n est\u00e9tica como las 54 cuadras de asfalto sino mejorar la calidad de vida de vecinos y vecinas&#8221;.<\/p>\n\n\n\n<p><strong>&#8220;Cuando dijimos que no importaban los colores pol\u00edticos, hoy tenemos una muestra de eso. Le quiero agradecer al gobernador porque es el gobernador que m\u00e1s vino a General Acha en los \u00faltimos 20 a\u00f1os. Es la quinta vista. Se lo agradezco, porque de eso se trata, de gestionar mirando la gente y no los colores pol\u00edticos. Lo hemos llevado adelante y vamos a seguir llevando adelante los pr\u00f3ximos 4 a\u00f1os<\/strong>&#8220;, complet\u00f3.<\/p>\n\n\n\n<p><strong>Las obras<\/strong><\/p>\n\n\n\n<p>Se construir\u00e1 el <strong>sistema de desag\u00fces pluviales por conducto, c\u00e1maras de inspecci\u00f3n y sumideros<\/strong>. Adem\u00e1s, se instalar\u00e1 un disipador de energ\u00eda hidr\u00e1ulica y se construir\u00e1 un canal a cielo abierto de hormig\u00f3n, que reemplazar\u00e1 el de tierra que opera en la actualidad.<\/p>\n\n\n\n<p>&nbsp;Los trabajos prev\u00e9n tambi\u00e9n la ejecuci\u00f3n de <strong>54 cuadras de asfalto<\/strong>, entoscado de otras arterias y construcci\u00f3n de cordones cuneta y badenes.<\/p>\n\n\n\n<p>Asimismo, se prev\u00e9 construir <strong>30 rampas para accesibilidad universal; la colocaci\u00f3n de 220 contenedores de residuos domiciliarios; implantar 72 \u00e1rboles y la reparaci\u00f3n de veredas, ente otros trabajos<\/strong>, concluy\u00f3 el mismo escrito.<\/p>\n\n\n\n<p><strong>Fuente: www.eldiariodelapampa.com.ar<\/strong><\/p>\n","protected":false},"excerpt":{"rendered":"<p>Se firm\u00f3 el contrato para iniciar infraestructura vial e hidr\u00e1ulica en el barrio Oeste de General Acha, donde hist\u00f3ricamente se producen inundaciones ante lluvias intensas.\u00a0 La obra demandar\u00e1 una inversi\u00f3n superior a los $2147 millones y, seg\u00fan afirm\u00f3 el gobernador Sergio Ziliotto forma parte de una &#8220;reparaci\u00f3n hist\u00f3rica&#8221; para las y los vecinos de esa [&hellip;]<\/p>\n","protected":false},"author":5,"featured_media":1809,"comment_status":"open","ping_status":"open","sticky":false,"template":"","format":"standard","meta":[],"categories":[10],"tags":[],"_links":{"self":[{"href":"https:\/\/politicapatagonica.com\/index.php\/wp-json\/wp\/v2\/posts\/1808"}],"collection":[{"href":"https:\/\/politicapatagonica.com\/index.php\/wp-json\/wp\/v2\/posts"}],"about":[{"href":"https:\/\/politicapatagonica.com\/index.php\/wp-json\/wp\/v2\/types\/post"}],"author":[{"embeddable":true,"href":"https:\/\/politicapatagonica.com\/index.php\/wp-json\/wp\/v2\/users\/5"}],"replies":[{"embeddable":true,"href":"https:\/\/politicapatagonica.com\/index.php\/wp-json\/wp\/v2\/comments?post=1808"}],"version-history":[{"count":3,"href":"https:\/\/politicapatagonica.com\/index.php\/wp-json\/wp\/v2\/posts\/1808\/revisions"}],"predecessor-version":[{"id":1815,"href":"https:\/\/politicapatagonica.com\/index.php\/wp-json\/wp\/v2\/posts\/1808\/revisions\/1815"}],"wp:featuredmedia":[{"embeddable":true,"href":"https:\/\/politicapatagonica.com\/index.php\/wp-json\/wp\/v2\/media\/1809"}],"wp:attachment":[{"href":"https:\/\/politicapatagonica.com\/index.php\/wp-json\/wp\/v2\/media?parent=1808"}],"wp:term":[{"taxonomy":"category","embeddable":true,"href":"https:\/\/politicapatagonica.com\/index.php\/wp-json\/wp\/v2\/categories?post=1808"},{"taxonomy":"post_tag","embeddable":true,"href":"https:\/\/politicapatagonica.com\/index.php\/wp-json\/wp\/v2\/tags?post=1808"}],"curies":[{"name":"wp","href":"https:\/\/api.w.org\/{rel}","templated":true}]}}