{"id":1779,"date":"2023-08-08T15:33:39","date_gmt":"2023-08-08T15:33:39","guid":{"rendered":"https:\/\/politicapatagonica.com\/?p=1779"},"modified":"2023-08-08T16:17:42","modified_gmt":"2023-08-08T16:17:42","slug":"rolando-figueroa-y-omar-gutierrez-consolidan-relacion-de-cara-al-10-d","status":"publish","type":"post","link":"https:\/\/politicapatagonica.com\/index.php\/2023\/08\/08\/rolando-figueroa-y-omar-gutierrez-consolidan-relacion-de-cara-al-10-d\/","title":{"rendered":"Cambio de gobierno: Rolando Figueroa y Omar Guti\u00e9rrez consolidan relaci\u00f3n de cara al #10D"},"content":{"rendered":"\n<p>Nadie lo dice abiertamente pero es un secreto a voces. <strong>Una de las primeras decisiones pol\u00edticas que Rolando Figueroa tomar\u00e1, ni bien asuma el control de la provincia de Neuqu\u00e9n, ser\u00e1 la de designar a<\/strong> <strong>Omar Guti\u00e9rrez como representante del gobierno provincial en el directorio de YPF.<\/strong><\/p>\n\n\n\n<p>La versi\u00f3n tom\u00f3 fuerza semanas despu\u00e9s de que el MPN, que preside Guti\u00e9rrez, perdiera la gobernaci\u00f3n en manos del norte\u00f1o.<\/p>\n\n\n\n<p>La noticia fue confirmada por integrantes de la carpa chica del mandatario electo y tambi\u00e9n dan como <strong>futura ministra a Julieta Corroza, persona de m\u00e1xima confianza de Figueroa.<\/strong><\/p>\n\n\n\n<p>Los mismos voceros ubicaron en el rango <strong>ministerial a Juan Luis \u201cPep\u00e9\u201d Ousset<\/strong>, tambi\u00e9n hombre de estrecha confianza del gobernador electo.<\/p>\n\n\n\n<p>Figueroa profundiza los acuerdos de cara a su tiempo de gobernador. <strong>Resalta la actitud del actual gobernador y rescata su perfil de \u201chombre de Estado\u201d<\/strong>.<\/p>\n\n\n\n<p><strong>Distintas fuentes confirmaron que el pr\u00f3ximo gabinete provincial podr\u00eda tener designaci\u00f3n de personas que fueron parte del actual gobierno, pero que no est\u00e1n \u201ccomprometidos\u201d con los postulados pol\u00edticos de la actual gesti\u00f3n<\/strong>. De acuerdo a los dichos se especula en que \u201cFigueroa pasa revista al listado de futuros colaboradores, pero va a ser muy dif\u00edcil que convoque a primeras, segundas y terceras l\u00edneas del actual gobierno\u201d.<\/p>\n\n\n\n<p>\u201cSi alguno pasa el filtro ser\u00e1 porque dio muestras de no tener paladar negro gutierrista\u201d, concluy\u00f3 una de las personas que m\u00e1s conoce la cabeza de Figueroa.<\/p>\n\n\n\n<p><strong>Fuente: www.lmneuquen.com<\/strong><\/p>\n","protected":false},"excerpt":{"rendered":"<p>Nadie lo dice abiertamente pero es un secreto a voces. Una de las primeras decisiones pol\u00edticas que Rolando Figueroa tomar\u00e1, ni bien asuma el control de la provincia de Neuqu\u00e9n, ser\u00e1 la de designar a Omar Guti\u00e9rrez como representante del gobierno provincial en el directorio de YPF. La versi\u00f3n tom\u00f3 fuerza semanas despu\u00e9s de que [&hellip;]<\/p>\n","protected":false},"author":5,"featured_media":1780,"comment_status":"open","ping_status":"open","sticky":false,"template":"","format":"standard","meta":[],"categories":[9],"tags":[],"_links":{"self":[{"href":"https:\/\/politicapatagonica.com\/index.php\/wp-json\/wp\/v2\/posts\/1779"}],"collection":[{"href":"https:\/\/politicapatagonica.com\/index.php\/wp-json\/wp\/v2\/posts"}],"about":[{"href":"https:\/\/politicapatagonica.com\/index.php\/wp-json\/wp\/v2\/types\/post"}],"author":[{"embeddable":true,"href":"https:\/\/politicapatagonica.com\/index.php\/wp-json\/wp\/v2\/users\/5"}],"replies":[{"embeddable":true,"href":"https:\/\/politicapatagonica.com\/index.php\/wp-json\/wp\/v2\/comments?post=1779"}],"version-history":[{"count":3,"href":"https:\/\/politicapatagonica.com\/index.php\/wp-json\/wp\/v2\/posts\/1779\/revisions"}],"predecessor-version":[{"id":1796,"href":"https:\/\/politicapatagonica.com\/index.php\/wp-json\/wp\/v2\/posts\/1779\/revisions\/1796"}],"wp:featuredmedia":[{"embeddable":true,"href":"https:\/\/politicapatagonica.com\/index.php\/wp-json\/wp\/v2\/media\/1780"}],"wp:attachment":[{"href":"https:\/\/politicapatagonica.com\/index.php\/wp-json\/wp\/v2\/media?parent=1779"}],"wp:term":[{"taxonomy":"category","embeddable":true,"href":"https:\/\/politicapatagonica.com\/index.php\/wp-json\/wp\/v2\/categories?post=1779"},{"taxonomy":"post_tag","embeddable":true,"href":"https:\/\/politicapatagonica.com\/index.php\/wp-json\/wp\/v2\/tags?post=1779"}],"curies":[{"name":"wp","href":"https:\/\/api.w.org\/{rel}","templated":true}]}}