{"id":1090,"date":"2023-07-07T12:34:50","date_gmt":"2023-07-07T12:34:50","guid":{"rendered":"https:\/\/politicapatagonica.com\/?p=1090"},"modified":"2023-07-07T12:34:50","modified_gmt":"2023-07-07T12:34:50","slug":"dolor-en-la-politica-de-chubut-fallecio-el-intendente-de-rio-mayo-alejandro-avendano","status":"publish","type":"post","link":"https:\/\/politicapatagonica.com\/index.php\/2023\/07\/07\/dolor-en-la-politica-de-chubut-fallecio-el-intendente-de-rio-mayo-alejandro-avendano\/","title":{"rendered":"Dolor en la pol\u00edtica de Chubut: falleci\u00f3 el intendente de R\u00edo Mayo, Alejandro Avenda\u00f1o"},"content":{"rendered":"\n<p><strong>Alejandro Aveda\u00f1o, intendente de R\u00edo Mayo, falleci\u00f3<\/strong> en la madrugada de este viernes tras permanecer dos meses internado con un grave cuadro en una cl\u00ednica privada de Comodoro Rivadavia.<\/p>\n\n\n\n<p>La informaci\u00f3n fue confirmada por fuentes del municipio, quienes indicaron que se estableci\u00f3 un <strong>asueto administrativo<\/strong> para el personal del municipio para este viernes 7 de julio. Adem\u00e1s, se decidi\u00f3 <strong>suspender todas las actividades deportivas, culturales y recreativas<\/strong> durante los d\u00edas 7, 8 y 9 en la localidad.<\/p>\n\n\n\n<p>Seg\u00fan el \u00faltimo parte m\u00e9dico, Avenda\u00f1o <strong>se encontraba &#8220;en coma farmacol\u00f3gico y con asistencia ventilatoria mec\u00e1nica, con diagn\u00f3stico de shock s\u00e9ptico, neumon\u00eda grave y disfunci\u00f3n org\u00e1nica m\u00faltiple&#8221;.<\/strong><\/p>\n\n\n\n<p>Una vez conocida la noticia, <strong>todo el arco pol\u00edtico provincial comenz\u00f3 a expresar sus condolencias<\/strong> a trav\u00e9s de las redes sociales. Uno de ellos fue el gobernador de Chubut, Mariano Arcioni: <\/p>\n\n\n\n<figure class=\"wp-block-embed is-type-rich is-provider-twitter wp-block-embed-twitter\"><div class=\"wp-block-embed__wrapper\">\n<blockquote class=\"twitter-tweet\" data-width=\"550\" data-dnt=\"true\"><p lang=\"es\" dir=\"ltr\">Con mucho dolor recibimos la noticia del fallecimiento de Alejandro Avenda\u00f1o, intendente de R\u00edo Mayo.<br><br>Acompa\u00f1amos en este duro momento a sus familiares y a toda la comunidad y acercamos nuestro m\u00e1s\u00a0sincero\u00a0p\u00e9same. <a href=\"https:\/\/t.co\/GHBkI1iaWH\">pic.twitter.com\/GHBkI1iaWH<\/a><\/p>&mdash; Mariano Arcioni (@arcionimariano) <a href=\"https:\/\/twitter.com\/arcionimariano\/status\/1677280498446467072?ref_src=twsrc%5Etfw\">July 7, 2023<\/a><\/blockquote><script async src=\"https:\/\/platform.twitter.com\/widgets.js\" charset=\"utf-8\"><\/script>\n<\/div><figcaption class=\"wp-element-caption\">Por su\u00a0parte, <strong>el intendente de Comodoro Rivadavia, Juan Pablo Luque<\/strong> public\u00f3: &#8220;Hoy es un d\u00eda triste para la pol\u00edtica de Chubut. Nos toca despedir a Alejandro Avenda\u00f1o, intendente de R\u00edo Mayo, quien falleci\u00f3 luego de varios d\u00edas internado en Comodoro Rivadavia. Acompa\u00f1amos en este duro momento a su familia, sus afectos y todos los vecinos de la localidad&#8221;.<\/figcaption><\/figure>\n\n\n\n<figure class=\"wp-block-embed is-type-rich is-provider-twitter wp-block-embed-twitter\"><div class=\"wp-block-embed__wrapper\">\n<blockquote class=\"twitter-tweet\" data-width=\"550\" data-dnt=\"true\"><p lang=\"es\" dir=\"ltr\">Hoy es un d\u00eda triste para la pol\u00edtica de Chubut. Nos toca despedir a Alejandro Avenda\u00f1o, intendente de R\u00edo Mayo, quien falleci\u00f3 luego de varios d\u00edas internado en Comodoro Rivadavia. Acompa\u00f1amos en este duro momento a su familia, sus afectos y todos los vecinos de la localidad <a href=\"https:\/\/t.co\/hLwNi9WCxO\">pic.twitter.com\/hLwNi9WCxO<\/a><\/p>&mdash; Juan Pablo Luque (@luquejuanpablo) <a href=\"https:\/\/twitter.com\/luquejuanpablo\/status\/1677278530046943233?ref_src=twsrc%5Etfw\">July 7, 2023<\/a><\/blockquote><script async src=\"https:\/\/platform.twitter.com\/widgets.js\" charset=\"utf-8\"><\/script>\n<\/div><\/figure>\n\n\n\n<p><strong>Fuentes: www.diariojornada.com.ar y www.elchubut.com.ar<\/strong><\/p>\n","protected":false},"excerpt":{"rendered":"<p>Alejandro Aveda\u00f1o, intendente de R\u00edo Mayo, falleci\u00f3 en la madrugada de este viernes tras permanecer dos meses internado con un grave cuadro en una cl\u00ednica privada de Comodoro Rivadavia. La informaci\u00f3n fue confirmada por fuentes del municipio, quienes indicaron que se estableci\u00f3 un asueto administrativo para el personal del municipio para este viernes 7 de [&hellip;]<\/p>\n","protected":false},"author":5,"featured_media":1091,"comment_status":"open","ping_status":"open","sticky":false,"template":"","format":"standard","meta":[],"categories":[14],"tags":[],"_links":{"self":[{"href":"https:\/\/politicapatagonica.com\/index.php\/wp-json\/wp\/v2\/posts\/1090"}],"collection":[{"href":"https:\/\/politicapatagonica.com\/index.php\/wp-json\/wp\/v2\/posts"}],"about":[{"href":"https:\/\/politicapatagonica.com\/index.php\/wp-json\/wp\/v2\/types\/post"}],"author":[{"embeddable":true,"href":"https:\/\/politicapatagonica.com\/index.php\/wp-json\/wp\/v2\/users\/5"}],"replies":[{"embeddable":true,"href":"https:\/\/politicapatagonica.com\/index.php\/wp-json\/wp\/v2\/comments?post=1090"}],"version-history":[{"count":1,"href":"https:\/\/politicapatagonica.com\/index.php\/wp-json\/wp\/v2\/posts\/1090\/revisions"}],"predecessor-version":[{"id":1092,"href":"https:\/\/politicapatagonica.com\/index.php\/wp-json\/wp\/v2\/posts\/1090\/revisions\/1092"}],"wp:featuredmedia":[{"embeddable":true,"href":"https:\/\/politicapatagonica.com\/index.php\/wp-json\/wp\/v2\/media\/1091"}],"wp:attachment":[{"href":"https:\/\/politicapatagonica.com\/index.php\/wp-json\/wp\/v2\/media?parent=1090"}],"wp:term":[{"taxonomy":"category","embeddable":true,"href":"https:\/\/politicapatagonica.com\/index.php\/wp-json\/wp\/v2\/categories?post=1090"},{"taxonomy":"post_tag","embeddable":true,"href":"https:\/\/politicapatagonica.com\/index.php\/wp-json\/wp\/v2\/tags?post=1090"}],"curies":[{"name":"wp","href":"https:\/\/api.w.org\/{rel}","templated":true}]}}