{"id":1066,"date":"2023-07-06T14:38:43","date_gmt":"2023-07-06T14:38:43","guid":{"rendered":"https:\/\/politicapatagonica.com\/?p=1066"},"modified":"2023-07-06T15:06:37","modified_gmt":"2023-07-06T15:06:37","slug":"el-ejecutivo-de-ushuaia-elevo-una-nueva-propuesta-de-recomposicion-salarial","status":"publish","type":"post","link":"https:\/\/politicapatagonica.com\/index.php\/2023\/07\/06\/el-ejecutivo-de-ushuaia-elevo-una-nueva-propuesta-de-recomposicion-salarial\/","title":{"rendered":"El Ejecutivo de Ushuaia elev\u00f3 una nueva propuesta de recomposici\u00f3n salarial"},"content":{"rendered":"\n<p>El intendente de Ushuaia, <strong>Walter Vuoto<\/strong>, encabez\u00f3 una nueva reuni\u00f3n de la mesa salarial junto a los paritarios del Ejecutivo municipal y representantes de los gremios de ATE, SOEM, ASEOM, SEMUP, SADEM, Personal Jer\u00e1rquico y UPCN; a quienes presentaron una <strong>nueva propuesta de recomposici\u00f3n salarial.<\/strong><\/p>\n\n\n\n<p>En la sede de la Intendencia municipal, el Ejecutivo de Ushuaia present\u00f3 una nueva propuesta que considera es un <strong>\u201cm\u00e1ximo esfuerzo responsable de las arcas municipales\u201d<\/strong>.<\/p>\n\n\n\n<p>En principio y para equilibrar el desfasaje existente entre la negociaci\u00f3n salarial para el primer tramo del a\u00f1o y la presente oferta, <strong>propusieron un incremento salarial de un 9% en el mes de julio, no remunerativo ni bonificable.<\/strong><\/p>\n\n\n\n<p>Agregaron, adem\u00e1s,<strong> un 6,5% en el mes de agosto, un 6% en el mes de septiembre y un 6% en el mes de octubre<\/strong>, todos estos al b\u00e1sico y acumulativos respecto del mes inmediato anterior; y dejaron expresado el compromiso de absorber el 9% que se propone para el mes de julio en el ejercicio 2023, sobre la base de c\u00e1lculo de las sumas consolidadas con posterioridad, en el presente acuerdo.<\/p>\n\n\n\n<p><strong>Aquellos trabajadores y trabajadoras cuyas sumas entre b\u00e1sico y zona no alcancen los $180.000, todos ellos dentro del grado 5, percibir\u00edan una suma fija no remunerativa ni bonificable de $ 35.000, $40.000 y $45.000, durante los meses de julio, agosto y septiembre.<\/strong><\/p>\n\n\n\n<p>La pr\u00f3xima reuni\u00f3n <strong>se fij\u00f3 para el 21 de agosto<\/strong> a las 14 horas en las oficinas de Jefatura de Gabinete, para efectuar un an\u00e1lisis salarial, del estado econ\u00f3mico financiero del municipio y el avance de los procesos inflacionarios.<\/p>\n\n\n\n<p>Las entidades sindicales ATE, SOEM, SPJ, SEMUP, SADEM Y ASEOM manifestaron que <strong>pondr\u00edan a consideraci\u00f3n de la asamblea la propuesta efectuada<\/strong>; en tanto UPCN analizar\u00eda la propuesta a efectos de responder en la pr\u00f3xima convocatoria.<\/p>\n\n\n\n<p><strong>Fuente: www.eldiariodelfindelmundo.com<\/strong><\/p>\n","protected":false},"excerpt":{"rendered":"<p>El intendente de Ushuaia, Walter Vuoto, encabez\u00f3 una nueva reuni\u00f3n de la mesa salarial junto a los paritarios del Ejecutivo municipal y representantes de los gremios de ATE, SOEM, ASEOM, SEMUP, SADEM, Personal Jer\u00e1rquico y UPCN; a quienes presentaron una nueva propuesta de recomposici\u00f3n salarial. En la sede de la Intendencia municipal, el Ejecutivo de [&hellip;]<\/p>\n","protected":false},"author":5,"featured_media":1067,"comment_status":"open","ping_status":"open","sticky":false,"template":"","format":"standard","meta":[],"categories":[11],"tags":[],"_links":{"self":[{"href":"https:\/\/politicapatagonica.com\/index.php\/wp-json\/wp\/v2\/posts\/1066"}],"collection":[{"href":"https:\/\/politicapatagonica.com\/index.php\/wp-json\/wp\/v2\/posts"}],"about":[{"href":"https:\/\/politicapatagonica.com\/index.php\/wp-json\/wp\/v2\/types\/post"}],"author":[{"embeddable":true,"href":"https:\/\/politicapatagonica.com\/index.php\/wp-json\/wp\/v2\/users\/5"}],"replies":[{"embeddable":true,"href":"https:\/\/politicapatagonica.com\/index.php\/wp-json\/wp\/v2\/comments?post=1066"}],"version-history":[{"count":3,"href":"https:\/\/politicapatagonica.com\/index.php\/wp-json\/wp\/v2\/posts\/1066\/revisions"}],"predecessor-version":[{"id":1081,"href":"https:\/\/politicapatagonica.com\/index.php\/wp-json\/wp\/v2\/posts\/1066\/revisions\/1081"}],"wp:featuredmedia":[{"embeddable":true,"href":"https:\/\/politicapatagonica.com\/index.php\/wp-json\/wp\/v2\/media\/1067"}],"wp:attachment":[{"href":"https:\/\/politicapatagonica.com\/index.php\/wp-json\/wp\/v2\/media?parent=1066"}],"wp:term":[{"taxonomy":"category","embeddable":true,"href":"https:\/\/politicapatagonica.com\/index.php\/wp-json\/wp\/v2\/categories?post=1066"},{"taxonomy":"post_tag","embeddable":true,"href":"https:\/\/politicapatagonica.com\/index.php\/wp-json\/wp\/v2\/tags?post=1066"}],"curies":[{"name":"wp","href":"https:\/\/api.w.org\/{rel}","templated":true}]}}